{"id":7833,"date":"2024-02-15T15:18:33","date_gmt":"2024-02-15T20:18:33","guid":{"rendered":"https:\/\/drwine.com.mx\/?p=7833"},"modified":"2024-02-16T10:37:25","modified_gmt":"2024-02-16T15:37:25","slug":"bodega-piedra-negra-historia-y-tradicion","status":"publish","type":"post","link":"https:\/\/drwine.com.mx\/en\/bodega-piedra-negra-historia-y-tradicion\/","title":{"rendered":"Piedra Negra Winery: History and Tradition"},"content":{"rendered":"\t\t<div data-elementor-type=\"wp-post\" data-elementor-id=\"7833\" class=\"elementor elementor-7833\" data-elementor-post-type=\"post\">\n\t\t\t\t\t\t<section class=\"elementor-section elementor-top-section elementor-element elementor-element-039c090 elementor-section-boxed elementor-section-height-default elementor-section-height-default\" data-id=\"039c090\" data-element_type=\"section\">\n\t\t\t\t\t\t<div class=\"elementor-container elementor-column-gap-default\">\n\t\t\t\t\t<div class=\"elementor-column elementor-col-100 elementor-top-column elementor-element elementor-element-d2dbd63\" data-id=\"d2dbd63\" data-element_type=\"column\">\n\t\t\t<div class=\"elementor-widget-wrap elementor-element-populated\">\n\t\t\t\t\t\t<div class=\"elementor-element elementor-element-9f225e9 elementor-widget elementor-widget-heading\" data-id=\"9f225e9\" data-element_type=\"widget\" data-widget_type=\"heading.default\">\n\t\t\t\t<div class=\"elementor-widget-container\">\n\t\t\t\t\t<h1 class=\"elementor-heading-title elementor-size-default\">Bodega Piedra Negra: Historia y Tradici\u00f3n<\/h1>\t\t\t\t<\/div>\n\t\t\t\t<\/div>\n\t\t\t\t<div class=\"elementor-element elementor-element-fcb8816 elementor-widget elementor-widget-heading\" data-id=\"fcb8816\" data-element_type=\"widget\" data-widget_type=\"heading.default\">\n\t\t\t\t<div class=\"elementor-widget-container\">\n\t\t\t\t\t<p class=\"elementor-heading-title elementor-size-default\">February 15, 2024<\/p>\t\t\t\t<\/div>\n\t\t\t\t<\/div>\n\t\t\t\t<div class=\"elementor-element elementor-element-e0e6bb0 elementor-widget elementor-widget-image\" data-id=\"e0e6bb0\" data-element_type=\"widget\" data-widget_type=\"image.default\">\n\t\t\t\t<div class=\"elementor-widget-container\">\n\t\t\t\t\t\t\t\t\t\t\t\t\t\t\t\t<a href=\"https:\/\/drwine.com.mx\/wp-content\/uploads\/2024\/02\/Bodega-Piedra-Negra-Historia-y-Tradicion.webp\" data-elementor-open-lightbox=\"yes\" data-elementor-lightbox-title=\"Bodega Piedra Negra Historia y Tradici\u00f3n\" data-elementor-lightbox-description=\"Bodega Piedra Negra Historia y Tradici\u00f3n\" data-e-action-hash=\"#elementor-action%3Aaction%3Dlightbox%26settings%3DeyJpZCI6NzgzNywidXJsIjoiaHR0cHM6XC9cL2Ryd2luZS5jb20ubXhcL3dwLWNvbnRlbnRcL3VwbG9hZHNcLzIwMjRcLzAyXC9Cb2RlZ2EtUGllZHJhLU5lZ3JhLUhpc3RvcmlhLXktVHJhZGljaW9uLndlYnAifQ%3D%3D\">\n\t\t\t\t\t\t\t<img fetchpriority=\"high\" decoding=\"async\" width=\"768\" height=\"432\" src=\"https:\/\/drwine.com.mx\/wp-content\/uploads\/2024\/02\/Bodega-Piedra-Negra-Historia-y-Tradicion-768x432.webp\" class=\"attachment-medium_large size-medium_large wp-image-7837\" alt=\"Bodega Piedra Negra Historia y Tradici\u00f3n\" srcset=\"https:\/\/drwine.com.mx\/wp-content\/uploads\/2024\/02\/Bodega-Piedra-Negra-Historia-y-Tradicion-768x432.webp 768w, https:\/\/drwine.com.mx\/wp-content\/uploads\/2024\/02\/Bodega-Piedra-Negra-Historia-y-Tradicion-300x169.webp 300w, https:\/\/drwine.com.mx\/wp-content\/uploads\/2024\/02\/Bodega-Piedra-Negra-Historia-y-Tradicion-1024x576.webp 1024w, https:\/\/drwine.com.mx\/wp-content\/uploads\/2024\/02\/Bodega-Piedra-Negra-Historia-y-Tradicion-1536x864.webp 1536w, https:\/\/drwine.com.mx\/wp-content\/uploads\/2024\/02\/Bodega-Piedra-Negra-Historia-y-Tradicion-1320x743.webp 1320w, https:\/\/drwine.com.mx\/wp-content\/uploads\/2024\/02\/Bodega-Piedra-Negra-Historia-y-Tradicion-600x338.webp 600w, https:\/\/drwine.com.mx\/wp-content\/uploads\/2024\/02\/Bodega-Piedra-Negra-Historia-y-Tradicion-107x60.webp 107w, https:\/\/drwine.com.mx\/wp-content\/uploads\/2024\/02\/Bodega-Piedra-Negra-Historia-y-Tradicion-160x90.webp 160w, https:\/\/drwine.com.mx\/wp-content\/uploads\/2024\/02\/Bodega-Piedra-Negra-Historia-y-Tradicion.webp 1920w\" sizes=\"(max-width: 768px) 100vw, 768px\" \/>\t\t\t\t\t\t\t\t<\/a>\n\t\t\t\t\t\t\t\t\t\t\t\t\t\t\t<\/div>\n\t\t\t\t<\/div>\n\t\t\t\t<div class=\"elementor-element elementor-element-f3ea05d elementor-share-buttons--view-icon elementor-share-buttons--skin-framed elementor-share-buttons--shape-circle elementor-grid-0 elementor-share-buttons--color-official elementor-widget elementor-widget-share-buttons\" data-id=\"f3ea05d\" data-element_type=\"widget\" data-widget_type=\"share-buttons.default\">\n\t\t\t\t<div class=\"elementor-widget-container\">\n\t\t\t\t\t\t\t<div class=\"elementor-grid\" role=\"list\">\n\t\t\t\t\t\t\t\t<div class=\"elementor-grid-item\" role=\"listitem\">\n\t\t\t\t\t\t<div class=\"elementor-share-btn elementor-share-btn_facebook\" role=\"button\" tabindex=\"0\" aria-label=\"Share on facebook\">\n\t\t\t\t\t\t\t\t\t\t\t\t\t\t\t<span class=\"elementor-share-btn__icon\">\n\t\t\t\t\t\t\t\t<svg aria-hidden=\"true\" class=\"e-font-icon-svg e-fab-facebook\" viewBox=\"0 0 512 512\" xmlns=\"http:\/\/www.w3.org\/2000\/svg\"><path d=\"M504 256C504 119 393 8 256 8S8 119 8 256c0 123.78 90.69 226.38 209.25 245V327.69h-63V256h63v-54.64c0-62.15 37-96.48 93.67-96.48 27.14 0 55.52 4.84 55.52 4.84v61h-31.28c-30.8 0-40.41 19.12-40.41 38.73V256h68.78l-11 71.69h-57.78V501C413.31 482.38 504 379.78 504 256z\"><\/path><\/svg>\t\t\t\t\t\t\t<\/span>\n\t\t\t\t\t\t\t\t\t\t\t\t\t\t\t\t\t\t\t\t<\/div>\n\t\t\t\t\t<\/div>\n\t\t\t\t\t\t\t\t\t<div class=\"elementor-grid-item\" role=\"listitem\">\n\t\t\t\t\t\t<div class=\"elementor-share-btn elementor-share-btn_twitter\" role=\"button\" tabindex=\"0\" aria-label=\"Share on twitter\">\n\t\t\t\t\t\t\t\t\t\t\t\t\t\t\t<span class=\"elementor-share-btn__icon\">\n\t\t\t\t\t\t\t\t<svg aria-hidden=\"true\" class=\"e-font-icon-svg e-fab-twitter\" viewBox=\"0 0 512 512\" xmlns=\"http:\/\/www.w3.org\/2000\/svg\"><path d=\"M459.37 151.716c.325 4.548.325 9.097.325 13.645 0 138.72-105.583 298.558-298.558 298.558-59.452 0-114.68-17.219-161.137-47.106 8.447.974 16.568 1.299 25.34 1.299 49.055 0 94.213-16.568 130.274-44.832-46.132-.975-84.792-31.188-98.112-72.772 6.498.974 12.995 1.624 19.818 1.624 9.421 0 18.843-1.3 27.614-3.573-48.081-9.747-84.143-51.98-84.143-102.985v-1.299c13.969 7.797 30.214 12.67 47.431 13.319-28.264-18.843-46.781-51.005-46.781-87.391 0-19.492 5.197-37.36 14.294-52.954 51.655 63.675 129.3 105.258 216.365 109.807-1.624-7.797-2.599-15.918-2.599-24.04 0-57.828 46.782-104.934 104.934-104.934 30.213 0 57.502 12.67 76.67 33.137 23.715-4.548 46.456-13.32 66.599-25.34-7.798 24.366-24.366 44.833-46.132 57.827 21.117-2.273 41.584-8.122 60.426-16.243-14.292 20.791-32.161 39.308-52.628 54.253z\"><\/path><\/svg>\t\t\t\t\t\t\t<\/span>\n\t\t\t\t\t\t\t\t\t\t\t\t\t\t\t\t\t\t\t\t<\/div>\n\t\t\t\t\t<\/div>\n\t\t\t\t\t\t\t\t\t<div class=\"elementor-grid-item\" role=\"listitem\">\n\t\t\t\t\t\t<div class=\"elementor-share-btn elementor-share-btn_whatsapp\" role=\"button\" tabindex=\"0\" aria-label=\"Share on whatsapp\">\n\t\t\t\t\t\t\t\t\t\t\t\t\t\t\t<span class=\"elementor-share-btn__icon\">\n\t\t\t\t\t\t\t\t<svg aria-hidden=\"true\" class=\"e-font-icon-svg e-fab-whatsapp\" viewBox=\"0 0 448 512\" xmlns=\"http:\/\/www.w3.org\/2000\/svg\"><path d=\"M380.9 97.1C339 55.1 283.2 32 223.9 32c-122.4 0-222 99.6-222 222 0 39.1 10.2 77.3 29.6 111L0 480l117.7-30.9c32.4 17.7 68.9 27 106.1 27h.1c122.3 0 224.1-99.6 224.1-222 0-59.3-25.2-115-67.1-157zm-157 341.6c-33.2 0-65.7-8.9-94-25.7l-6.7-4-69.8 18.3L72 359.2l-4.4-7c-18.5-29.4-28.2-63.3-28.2-98.2 0-101.7 82.8-184.5 184.6-184.5 49.3 0 95.6 19.2 130.4 54.1 34.8 34.9 56.2 81.2 56.1 130.5 0 101.8-84.9 184.6-186.6 184.6zm101.2-138.2c-5.5-2.8-32.8-16.2-37.9-18-5.1-1.9-8.8-2.8-12.5 2.8-3.7 5.6-14.3 18-17.6 21.8-3.2 3.7-6.5 4.2-12 1.4-32.6-16.3-54-29.1-75.5-66-5.7-9.8 5.7-9.1 16.3-30.3 1.8-3.7.9-6.9-.5-9.7-1.4-2.8-12.5-30.1-17.1-41.2-4.5-10.8-9.1-9.3-12.5-9.5-3.2-.2-6.9-.2-10.6-.2-3.7 0-9.7 1.4-14.8 6.9-5.1 5.6-19.4 19-19.4 46.3 0 27.3 19.9 53.7 22.6 57.4 2.8 3.7 39.1 59.7 94.8 83.8 35.2 15.2 49 16.5 66.6 13.9 10.7-1.6 32.8-13.4 37.4-26.4 4.6-13 4.6-24.1 3.2-26.4-1.3-2.5-5-3.9-10.5-6.6z\"><\/path><\/svg>\t\t\t\t\t\t\t<\/span>\n\t\t\t\t\t\t\t\t\t\t\t\t\t\t\t\t\t\t\t\t<\/div>\n\t\t\t\t\t<\/div>\n\t\t\t\t\t\t<\/div>\n\t\t\t\t\t\t<\/div>\n\t\t\t\t<\/div>\n\t\t\t\t<div class=\"elementor-element elementor-element-ca314bb elementor-widget elementor-widget-text-editor\" data-id=\"ca314bb\" data-element_type=\"widget\" data-widget_type=\"text-editor.default\">\n\t\t\t\t<div class=\"elementor-widget-container\">\n\t\t\t\t\t\t\t\t\t<p><span style=\"color: #000000;\"><strong style=\"color: #000000;\">Bodega Piedra Negra<\/strong> cuenta con m\u00e1s de 30 a\u00f1os de historia, en los que se ha podido posicionar como una de las bodegas de vino m\u00e1s representativas de Argentina. Su impulsor: <b>Fran\u00e7ois<\/b><b style=\"color: #000000;\"> Lurton<\/b> supo sentar las bases para tener un estilo de producci\u00f3n donde la vinificaci\u00f3n respeta el medio ambiente, esto siendo creativos e innovadores en procesos. Cada vino elaborado por Piedra Negra &#8220;es un aut\u00e9ntico representante de su terroir&#8221;.<\/span><\/p>\t\t\t\t\t\t\t\t<\/div>\n\t\t\t\t<\/div>\n\t\t\t\t<div class=\"elementor-element elementor-element-23881a3 elementor-widget-divider--view-line elementor-widget elementor-widget-divider\" data-id=\"23881a3\" data-element_type=\"widget\" data-widget_type=\"divider.default\">\n\t\t\t\t<div class=\"elementor-widget-container\">\n\t\t\t\t\t\t\t<div class=\"elementor-divider\">\n\t\t\t<span class=\"elementor-divider-separator\">\n\t\t\t\t\t\t<\/span>\n\t\t<\/div>\n\t\t\t\t\t\t<\/div>\n\t\t\t\t<\/div>\n\t\t\t\t<div class=\"elementor-element elementor-element-9df046e elementor-toc--minimized-on-tablet elementor-widget elementor-widget-table-of-contents\" data-id=\"9df046e\" data-element_type=\"widget\" data-settings=\"{&quot;exclude_headings_by_selector&quot;:[],&quot;marker_view&quot;:&quot;bullets&quot;,&quot;headings_by_tags&quot;:[&quot;h2&quot;,&quot;h3&quot;,&quot;h4&quot;,&quot;h5&quot;,&quot;h6&quot;],&quot;icon&quot;:{&quot;value&quot;:&quot;fas fa-circle&quot;,&quot;library&quot;:&quot;fa-solid&quot;,&quot;rendered_tag&quot;:&quot;&lt;svg class=\\&quot;e-font-icon-svg e-fas-circle\\&quot; viewBox=\\&quot;0 0 512 512\\&quot; xmlns=\\&quot;http:\\\/\\\/www.w3.org\\\/2000\\\/svg\\&quot;&gt;&lt;path d=\\&quot;M256 8C119 8 8 119 8 256s111 248 248 248 248-111 248-248S393 8 256 8z\\&quot;&gt;&lt;\\\/path&gt;&lt;\\\/svg&gt;&quot;},&quot;no_headings_message&quot;:&quot;No headings were found on this page.&quot;,&quot;minimize_box&quot;:&quot;yes&quot;,&quot;minimized_on&quot;:&quot;tablet&quot;,&quot;hierarchical_view&quot;:&quot;yes&quot;,&quot;min_height&quot;:{&quot;unit&quot;:&quot;px&quot;,&quot;size&quot;:&quot;&quot;,&quot;sizes&quot;:[]},&quot;min_height_tablet&quot;:{&quot;unit&quot;:&quot;px&quot;,&quot;size&quot;:&quot;&quot;,&quot;sizes&quot;:[]},&quot;min_height_mobile&quot;:{&quot;unit&quot;:&quot;px&quot;,&quot;size&quot;:&quot;&quot;,&quot;sizes&quot;:[]}}\" data-widget_type=\"table-of-contents.default\">\n\t\t\t\t<div class=\"elementor-widget-container\">\n\t\t\t\t\t\t\t\t\t<div class=\"elementor-toc__header\">\n\t\t\t\t\t\t<h2 class=\"elementor-toc__header-title\">\n\t\t\t\tTabla de Contenidos\t\t\t<\/h2>\n\t\t\t\t\t\t\t\t\t\t<div class=\"elementor-toc__toggle-button elementor-toc__toggle-button--expand\" role=\"button\" tabindex=\"0\" aria-controls=\"elementor-toc__9df046e\" aria-expanded=\"true\" aria-label=\"Open table of contents\"><svg aria-hidden=\"true\" class=\"e-font-icon-svg e-fas-chevron-down\" viewBox=\"0 0 448 512\" xmlns=\"http:\/\/www.w3.org\/2000\/svg\"><path d=\"M207.029 381.476L12.686 187.132c-9.373-9.373-9.373-24.569 0-33.941l22.667-22.667c9.357-9.357 24.522-9.375 33.901-.04L224 284.505l154.745-154.021c9.379-9.335 24.544-9.317 33.901.04l22.667 22.667c9.373 9.373 9.373 24.569 0 33.941L240.971 381.476c-9.373 9.372-24.569 9.372-33.942 0z\"><\/path><\/svg><\/div>\n\t\t\t\t<div class=\"elementor-toc__toggle-button elementor-toc__toggle-button--collapse\" role=\"button\" tabindex=\"0\" aria-controls=\"elementor-toc__9df046e\" aria-expanded=\"true\" aria-label=\"Close table of contents\"><svg aria-hidden=\"true\" class=\"e-font-icon-svg e-fas-chevron-up\" viewBox=\"0 0 448 512\" xmlns=\"http:\/\/www.w3.org\/2000\/svg\"><path d=\"M240.971 130.524l194.343 194.343c9.373 9.373 9.373 24.569 0 33.941l-22.667 22.667c-9.357 9.357-24.522 9.375-33.901.04L224 227.495 69.255 381.516c-9.379 9.335-24.544 9.317-33.901-.04l-22.667-22.667c-9.373-9.373-9.373-24.569 0-33.941L207.03 130.525c9.372-9.373 24.568-9.373 33.941-.001z\"><\/path><\/svg><\/div>\n\t\t\t\t\t<\/div>\n\t\t\t\t<div id=\"elementor-toc__9df046e\" class=\"elementor-toc__body\">\n\t\t\t<div class=\"elementor-toc__spinner-container\">\n\t\t\t\t<svg class=\"elementor-toc__spinner eicon-animation-spin e-font-icon-svg e-eicon-loading\" aria-hidden=\"true\" viewBox=\"0 0 1000 1000\" xmlns=\"http:\/\/www.w3.org\/2000\/svg\"><path d=\"M500 975V858C696 858 858 696 858 500S696 142 500 142 142 304 142 500H25C25 237 238 25 500 25S975 237 975 500 763 975 500 975Z\"><\/path><\/svg>\t\t\t<\/div>\n\t\t<\/div>\n\t\t\t\t\t\t<\/div>\n\t\t\t\t<\/div>\n\t\t\t\t<div class=\"elementor-element elementor-element-4436d1f elementor-widget elementor-widget-heading\" data-id=\"4436d1f\" data-element_type=\"widget\" data-widget_type=\"heading.default\">\n\t\t\t\t<div class=\"elementor-widget-container\">\n\t\t\t\t\t<h2 class=\"elementor-heading-title elementor-size-default\">Fran\u00e7ois Lurton<\/h2>\t\t\t\t<\/div>\n\t\t\t\t<\/div>\n\t\t\t\t<div class=\"elementor-element elementor-element-3aa12bc elementor-widget elementor-widget-image\" data-id=\"3aa12bc\" data-element_type=\"widget\" data-widget_type=\"image.default\">\n\t\t\t\t<div class=\"elementor-widget-container\">\n\t\t\t\t\t\t\t\t\t\t\t\t\t\t\t\t<a href=\"https:\/\/drwine.com.mx\/wp-content\/uploads\/2024\/02\/Francois-Lurton.webp\" data-elementor-open-lightbox=\"yes\" data-elementor-lightbox-title=\"Fran\u00e7ois Lurton\" data-e-action-hash=\"#elementor-action%3Aaction%3Dlightbox%26settings%3DeyJpZCI6NzgzOSwidXJsIjoiaHR0cHM6XC9cL2Ryd2luZS5jb20ubXhcL3dwLWNvbnRlbnRcL3VwbG9hZHNcLzIwMjRcLzAyXC9GcmFuY29pcy1MdXJ0b24ud2VicCJ9\">\n\t\t\t\t\t\t\t<img decoding=\"async\" width=\"768\" height=\"384\" src=\"https:\/\/drwine.com.mx\/wp-content\/uploads\/2024\/02\/Francois-Lurton-768x384.webp\" class=\"attachment-medium_large size-medium_large wp-image-7839\" alt=\"Fran\u00e7ois Lurton\" srcset=\"https:\/\/drwine.com.mx\/wp-content\/uploads\/2024\/02\/Francois-Lurton-768x384.webp 768w, https:\/\/drwine.com.mx\/wp-content\/uploads\/2024\/02\/Francois-Lurton-300x150.webp 300w, https:\/\/drwine.com.mx\/wp-content\/uploads\/2024\/02\/Francois-Lurton-1024x512.webp 1024w, https:\/\/drwine.com.mx\/wp-content\/uploads\/2024\/02\/Francois-Lurton-600x300.webp 600w, https:\/\/drwine.com.mx\/wp-content\/uploads\/2024\/02\/Francois-Lurton-120x60.webp 120w, https:\/\/drwine.com.mx\/wp-content\/uploads\/2024\/02\/Francois-Lurton-180x90.webp 180w, https:\/\/drwine.com.mx\/wp-content\/uploads\/2024\/02\/Francois-Lurton.webp 1200w\" sizes=\"(max-width: 768px) 100vw, 768px\" \/>\t\t\t\t\t\t\t\t<\/a>\n\t\t\t\t\t\t\t\t\t\t\t\t\t\t\t<\/div>\n\t\t\t\t<\/div>\n\t\t\t\t<div class=\"elementor-element elementor-element-ab26ed6 elementor-widget elementor-widget-text-editor\" data-id=\"ab26ed6\" data-element_type=\"widget\" data-widget_type=\"text-editor.default\">\n\t\t\t\t<div class=\"elementor-widget-container\">\n\t\t\t\t\t\t\t\t\t<p><strong><span style=\"color: #000000;\">Fran\u00e7ois Lurton, <\/span><\/strong><span style=\"color: #000000;\">El origen de este celebre personaje hist\u00f3rico no podr\u00eda estar m\u00e1s ligado al <strong>mundo del vino;\u00a0<\/strong>Descendiente de una de las familias tradicionales de vinicultores bordeleses.\u00a0<\/span><\/p><p><span style=\"color: #000000;\">En su llegada a Argentina, se embarco en una b\u00fasqueda del terroir perfecto para poder empezar con <a href=\"https:\/\/drwine.com.mx\/bodega\/piedra-negra\/\">Piedra Negra<\/a> lo que concluyo con la elecci\u00f3n de la hoy <strong>mundialmente conocida regi\u00f3n de &#8220;Chacayes&#8221;<\/strong> ubicada en Valle de Uco, Mendoza.\u00a0<\/span><\/p><p><span style=\"color: #000000;\">Fran\u00e7ois Lurton en 30 a\u00f1os ha logrado transformar Piedra Negra en una bodega productora de vino reconocida, <strong>Bodega Piedra Negra <\/strong>produce anualmente 1.2 Millones de botellas de vino anualmente.-\u00a0<\/span><\/p>\t\t\t\t\t\t\t\t<\/div>\n\t\t\t\t<\/div>\n\t\t\t\t<div class=\"elementor-element elementor-element-7f1ebcb elementor-widget elementor-widget-heading\" data-id=\"7f1ebcb\" data-element_type=\"widget\" data-widget_type=\"heading.default\">\n\t\t\t\t<div class=\"elementor-widget-container\">\n\t\t\t\t\t<h2 class=\"elementor-heading-title elementor-size-default\">Los or\u00edgenes: Viaje a Argentina<\/h2>\t\t\t\t<\/div>\n\t\t\t\t<\/div>\n\t\t\t\t<div class=\"elementor-element elementor-element-141a318 elementor-widget elementor-widget-text-editor\" data-id=\"141a318\" data-element_type=\"widget\" data-widget_type=\"text-editor.default\">\n\t\t\t\t<div class=\"elementor-widget-container\">\n\t\t\t\t\t\t\t\t\t<p><span style=\"color: #000000;\">Nos ubicamos en el a\u00f1o de 1897, cuando el bisabuelo de Fran\u00e7ois Lurton empez\u00f3 su viaje en la b\u00fasqueda de la producci\u00f3n de vino manteniendo unos principios que han trascendido generaciones <strong>no dejar nada al azar en la b\u00fasqueda de la excelencia <\/strong>y<strong> permitir que la naturaleza se exprese aut\u00e9nticamente <\/strong>a trav\u00e9s de procesos meticulosos y naturales.<\/span><\/p>\t\t\t\t\t\t\t\t<\/div>\n\t\t\t\t<\/div>\n\t\t\t\t<div class=\"elementor-element elementor-element-6999663 elementor-widget elementor-widget-image\" data-id=\"6999663\" data-element_type=\"widget\" data-widget_type=\"image.default\">\n\t\t\t\t<div class=\"elementor-widget-container\">\n\t\t\t\t\t\t\t\t\t\t\t\t\t\t\t\t<a href=\"https:\/\/drwine.com.mx\/wp-content\/uploads\/2024\/02\/Bodega-Piedra-Negra.webp\" data-elementor-open-lightbox=\"yes\" data-elementor-lightbox-title=\"Bodega Piedra Negra\" data-e-action-hash=\"#elementor-action%3Aaction%3Dlightbox%26settings%3DeyJpZCI6Nzg0MCwidXJsIjoiaHR0cHM6XC9cL2Ryd2luZS5jb20ubXhcL3dwLWNvbnRlbnRcL3VwbG9hZHNcLzIwMjRcLzAyXC9Cb2RlZ2EtUGllZHJhLU5lZ3JhLndlYnAifQ%3D%3D\">\n\t\t\t\t\t\t\t<img decoding=\"async\" width=\"768\" height=\"384\" src=\"https:\/\/drwine.com.mx\/wp-content\/uploads\/2024\/02\/Bodega-Piedra-Negra-768x384.webp\" class=\"attachment-medium_large size-medium_large wp-image-7840\" alt=\"Bodega Piedra Negra\" srcset=\"https:\/\/drwine.com.mx\/wp-content\/uploads\/2024\/02\/Bodega-Piedra-Negra-768x384.webp 768w, https:\/\/drwine.com.mx\/wp-content\/uploads\/2024\/02\/Bodega-Piedra-Negra-300x150.webp 300w, https:\/\/drwine.com.mx\/wp-content\/uploads\/2024\/02\/Bodega-Piedra-Negra-1024x512.webp 1024w, https:\/\/drwine.com.mx\/wp-content\/uploads\/2024\/02\/Bodega-Piedra-Negra-600x300.webp 600w, https:\/\/drwine.com.mx\/wp-content\/uploads\/2024\/02\/Bodega-Piedra-Negra-120x60.webp 120w, https:\/\/drwine.com.mx\/wp-content\/uploads\/2024\/02\/Bodega-Piedra-Negra-180x90.webp 180w, https:\/\/drwine.com.mx\/wp-content\/uploads\/2024\/02\/Bodega-Piedra-Negra.webp 1200w\" sizes=\"(max-width: 768px) 100vw, 768px\" \/>\t\t\t\t\t\t\t\t<\/a>\n\t\t\t\t\t\t\t\t\t\t\t\t\t\t\t<\/div>\n\t\t\t\t<\/div>\n\t\t\t\t<div class=\"elementor-element elementor-element-c7e2dcf elementor-widget elementor-widget-text-editor\" data-id=\"c7e2dcf\" data-element_type=\"widget\" data-widget_type=\"text-editor.default\">\n\t\t\t\t<div class=\"elementor-widget-container\">\n\t\t\t\t\t\t\t\t\t<p><span style=\"color: #000000;\">Estos principios hoy en d\u00eda se pueden encontrar en cada una de las empresas con el apellido &#8220;Lurton&#8221;. Despu\u00e9s de haber concluido sus estudios, Lurton empez\u00f3 a distribuir los vinos de su padre, lo que con el paso de una d\u00e9cada logr\u00f3 <strong>quintuplicar los ingresos por vino en la familia Lurton.<\/strong><\/span><\/p><p><span style=\"color: #000000;\">Despu\u00e9s de trabajar codo a codo con su padre en regiones como Deux Mers y Pessac-L\u00e9ognan, Fran\u00e7ois junto con su hermano crearon una empresa dedicada a la consultor\u00eda en 1988, lo cual les llevo a explorar y descubrir terroirs excepcionales para el vino en <strong>Chile, Uruguay, Australia, Portugal, Espa\u00f1a, Francia<\/strong>\u00a0y, por supuesto, <strong>Argentina.<\/strong><\/span><\/p><p>Entrando en la decada de los 90&#8242; en compa\u00f1\u00eda de su padre y su hermano uniendo fuerzas con Nicol\u00e1s Catena empezaron el camino para la creaci\u00f3n de vinos de alta calidad. As\u00ed empezando la etiqueta <strong>&#8220;Lurton&#8221;.<\/strong><\/p>\t\t\t\t\t\t\t\t<\/div>\n\t\t\t\t<\/div>\n\t\t\t\t<div class=\"elementor-element elementor-element-c1a4417 elementor-widget elementor-widget-image\" data-id=\"c1a4417\" data-element_type=\"widget\" data-widget_type=\"image.default\">\n\t\t\t\t<div class=\"elementor-widget-container\">\n\t\t\t\t\t\t\t\t\t\t\t\t\t\t\t\t<a href=\"https:\/\/drwine.com.mx\/wp-content\/uploads\/2024\/02\/Bodega-Piedra-Negra-Vinedos.webp\" data-elementor-open-lightbox=\"yes\" data-elementor-lightbox-title=\"Bodega Piedra Negra - Vi\u00f1edos\" data-elementor-lightbox-description=\"Bodega Piedra Negra - Vi\u00f1edos\" data-e-action-hash=\"#elementor-action%3Aaction%3Dlightbox%26settings%3DeyJpZCI6Nzg0OCwidXJsIjoiaHR0cHM6XC9cL2Ryd2luZS5jb20ubXhcL3dwLWNvbnRlbnRcL3VwbG9hZHNcLzIwMjRcLzAyXC9Cb2RlZ2EtUGllZHJhLU5lZ3JhLVZpbmVkb3Mud2VicCJ9\">\n\t\t\t\t\t\t\t<img loading=\"lazy\" decoding=\"async\" width=\"768\" height=\"384\" src=\"https:\/\/drwine.com.mx\/wp-content\/uploads\/2024\/02\/Bodega-Piedra-Negra-Vinedos-768x384.webp\" class=\"attachment-medium_large size-medium_large wp-image-7848\" alt=\"Bodega Piedra Negra - Vi\u00f1edos\" srcset=\"https:\/\/drwine.com.mx\/wp-content\/uploads\/2024\/02\/Bodega-Piedra-Negra-Vinedos-768x384.webp 768w, https:\/\/drwine.com.mx\/wp-content\/uploads\/2024\/02\/Bodega-Piedra-Negra-Vinedos-300x150.webp 300w, https:\/\/drwine.com.mx\/wp-content\/uploads\/2024\/02\/Bodega-Piedra-Negra-Vinedos-1024x512.webp 1024w, https:\/\/drwine.com.mx\/wp-content\/uploads\/2024\/02\/Bodega-Piedra-Negra-Vinedos-600x300.webp 600w, https:\/\/drwine.com.mx\/wp-content\/uploads\/2024\/02\/Bodega-Piedra-Negra-Vinedos-120x60.webp 120w, https:\/\/drwine.com.mx\/wp-content\/uploads\/2024\/02\/Bodega-Piedra-Negra-Vinedos-180x90.webp 180w, https:\/\/drwine.com.mx\/wp-content\/uploads\/2024\/02\/Bodega-Piedra-Negra-Vinedos.webp 1200w\" sizes=\"(max-width: 768px) 100vw, 768px\" \/>\t\t\t\t\t\t\t\t<\/a>\n\t\t\t\t\t\t\t\t\t\t\t\t\t\t\t<\/div>\n\t\t\t\t<\/div>\n\t\t\t\t<div class=\"elementor-element elementor-element-507a77d elementor-widget elementor-widget-text-editor\" data-id=\"507a77d\" data-element_type=\"widget\" data-widget_type=\"text-editor.default\">\n\t\t\t\t<div class=\"elementor-widget-container\">\n\t\t\t\t\t\t\t\t\t<p>En el a\u00f1o de 1966 se adquiri\u00f3 el terreno conocido como <strong>&#8220;Chacayes&#8221;<\/strong> en el cual se fund\u00f3 la bodega con el mismo nombre. M\u00e1s tarde esta regi\u00f3n ser\u00eda reconocida como una <strong>Indicaci\u00f3n Geogr\u00e1fica (IG)<\/strong>, un dato curioso es que uno de los vinos m\u00e1s reconocidos de Chacayes<strong> &#8220;Gran Lurton&#8221; <\/strong>inicialmente se llamaba &#8220;Graucho&#8221;<\/p>\t\t\t\t\t\t\t\t<\/div>\n\t\t\t\t<\/div>\n\t\t\t\t<div class=\"elementor-element elementor-element-a646ec7 elementor-widget elementor-widget-heading\" data-id=\"a646ec7\" data-element_type=\"widget\" data-widget_type=\"heading.default\">\n\t\t\t\t<div class=\"elementor-widget-container\">\n\t\t\t\t\t<h2 class=\"elementor-heading-title elementor-size-default\">Piedra negra - Chacayes<\/h2>\t\t\t\t<\/div>\n\t\t\t\t<\/div>\n\t\t\t\t<div class=\"elementor-element elementor-element-f7f950f elementor-widget elementor-widget-text-editor\" data-id=\"f7f950f\" data-element_type=\"widget\" data-widget_type=\"text-editor.default\">\n\t\t\t\t<div class=\"elementor-widget-container\">\n\t\t\t\t\t\t\t\t\t<p>Los primeros vi\u00f1edos que se plantaron en los Chacayes pertenecieron a Lurton, en el <strong>coraz\u00f3n de Valle de Uco<\/strong>, ubicada a los pies de la <strong>cordillera de los Andes<\/strong>. La familia Lurton gracias a su expertis lograron sacar todo el potencial de estas planicies, un autentico <strong>&#8220;diamante en bruto&#8221;.<\/strong><\/p><p>En el a\u00f1o del 2017 Francois decidio que el uso de la marca lo pudieran tener todos los vinicultores de la zona para que lo pudieran llevar en su etiqueta. En este mismo a\u00f1o fue cuando &#8220;Chacayes&#8221; fue reconocida como una IG de calidad.<\/p><p>Para celebrar este suceso hist\u00f3rico en la zona, Fran\u00e7ois y su equipo crearon el vino &#8220;<strong>L&#8217;Esprit de Chacayes<\/strong>&#8221; que en t\u00e9rminos de notas, logra asemejar lo que el terroir en si representa, un terru\u00f1o \u00e1spero pero muy agradable.<\/p>\t\t\t\t\t\t\t\t<\/div>\n\t\t\t\t<\/div>\n\t\t\t\t<div class=\"elementor-element elementor-element-63e78ec elementor-widget elementor-widget-image\" data-id=\"63e78ec\" data-element_type=\"widget\" data-widget_type=\"image.default\">\n\t\t\t\t<div class=\"elementor-widget-container\">\n\t\t\t\t\t\t\t\t\t\t\t\t\t\t\t<img loading=\"lazy\" decoding=\"async\" width=\"768\" height=\"768\" src=\"https:\/\/drwine.com.mx\/wp-content\/uploads\/2022\/08\/LESPIRIT-CHACAYES-Francois-Lurton-IG-Los-Chacayes-Organico-Sin-Sulfito-1-768x768.png\" class=\"attachment-medium_large size-medium_large wp-image-5877\" alt=\"L&#039;ESPIRIT CHACAYES Francois Lurton, IG Los Chacayes, Organico, Sin Sulfito\" srcset=\"https:\/\/drwine.com.mx\/wp-content\/uploads\/2022\/08\/LESPIRIT-CHACAYES-Francois-Lurton-IG-Los-Chacayes-Organico-Sin-Sulfito-1-768x768.png 768w, https:\/\/drwine.com.mx\/wp-content\/uploads\/2022\/08\/LESPIRIT-CHACAYES-Francois-Lurton-IG-Los-Chacayes-Organico-Sin-Sulfito-1-300x300.png 300w, https:\/\/drwine.com.mx\/wp-content\/uploads\/2022\/08\/LESPIRIT-CHACAYES-Francois-Lurton-IG-Los-Chacayes-Organico-Sin-Sulfito-1-100x100.png 100w, https:\/\/drwine.com.mx\/wp-content\/uploads\/2022\/08\/LESPIRIT-CHACAYES-Francois-Lurton-IG-Los-Chacayes-Organico-Sin-Sulfito-1-600x600.png 600w, https:\/\/drwine.com.mx\/wp-content\/uploads\/2022\/08\/LESPIRIT-CHACAYES-Francois-Lurton-IG-Los-Chacayes-Organico-Sin-Sulfito-1-150x150.png 150w, https:\/\/drwine.com.mx\/wp-content\/uploads\/2022\/08\/LESPIRIT-CHACAYES-Francois-Lurton-IG-Los-Chacayes-Organico-Sin-Sulfito-1.png 800w\" sizes=\"(max-width: 768px) 100vw, 768px\" \/>\t\t\t\t\t\t\t\t\t\t\t\t\t\t\t<\/div>\n\t\t\t\t<\/div>\n\t\t\t\t<div class=\"elementor-element elementor-element-ebb337b elementor-widget elementor-widget-toggle\" data-id=\"ebb337b\" data-element_type=\"widget\" data-widget_type=\"toggle.default\">\n\t\t\t\t<div class=\"elementor-widget-container\">\n\t\t\t\t\t\t\t<div class=\"elementor-toggle\">\n\t\t\t\t\t\t\t<div class=\"elementor-toggle-item\">\n\t\t\t\t\t<div id=\"elementor-tab-title-2471\" class=\"elementor-tab-title\" data-tab=\"1\" role=\"button\" aria-controls=\"elementor-tab-content-2471\" aria-expanded=\"false\">\n\t\t\t\t\t\t\t\t\t\t\t\t<span class=\"elementor-toggle-icon elementor-toggle-icon-left\" aria-hidden=\"true\">\n\t\t\t\t\t\t\t\t\t\t\t\t\t\t\t<span class=\"elementor-toggle-icon-closed\"><svg class=\"e-font-icon-svg e-fas-caret-right\" viewBox=\"0 0 192 512\" xmlns=\"http:\/\/www.w3.org\/2000\/svg\"><path d=\"M0 384.662V127.338c0-17.818 21.543-26.741 34.142-14.142l128.662 128.662c7.81 7.81 7.81 20.474 0 28.284L34.142 398.804C21.543 411.404 0 402.48 0 384.662z\"><\/path><\/svg><\/span>\n\t\t\t\t\t\t\t\t<span class=\"elementor-toggle-icon-opened\"><svg class=\"elementor-toggle-icon-opened e-font-icon-svg e-fas-caret-up\" viewBox=\"0 0 320 512\" xmlns=\"http:\/\/www.w3.org\/2000\/svg\"><path d=\"M288.662 352H31.338c-17.818 0-26.741-21.543-14.142-34.142l128.662-128.662c7.81-7.81 20.474-7.81 28.284 0l128.662 128.662c12.6 12.599 3.676 34.142-14.142 34.142z\"><\/path><\/svg><\/span>\n\t\t\t\t\t\t\t\t\t\t\t\t\t<\/span>\n\t\t\t\t\t\t\t\t\t\t\t\t<a class=\"elementor-toggle-title\" tabindex=\"0\">Color<\/a>\n\t\t\t\t\t<\/div>\n\n\t\t\t\t\t<div id=\"elementor-tab-content-2471\" class=\"elementor-tab-content elementor-clearfix\" data-tab=\"1\" role=\"region\" aria-labelledby=\"elementor-tab-title-2471\"><p>Color cereza intenso y profundo con ribetes viol\u00e1ceos.<\/p><\/div>\n\t\t\t\t<\/div>\n\t\t\t\t\t\t\t<div class=\"elementor-toggle-item\">\n\t\t\t\t\t<div id=\"elementor-tab-title-2472\" class=\"elementor-tab-title\" data-tab=\"2\" role=\"button\" aria-controls=\"elementor-tab-content-2472\" aria-expanded=\"false\">\n\t\t\t\t\t\t\t\t\t\t\t\t<span class=\"elementor-toggle-icon elementor-toggle-icon-left\" aria-hidden=\"true\">\n\t\t\t\t\t\t\t\t\t\t\t\t\t\t\t<span class=\"elementor-toggle-icon-closed\"><svg class=\"e-font-icon-svg e-fas-caret-right\" viewBox=\"0 0 192 512\" xmlns=\"http:\/\/www.w3.org\/2000\/svg\"><path d=\"M0 384.662V127.338c0-17.818 21.543-26.741 34.142-14.142l128.662 128.662c7.81 7.81 7.81 20.474 0 28.284L34.142 398.804C21.543 411.404 0 402.48 0 384.662z\"><\/path><\/svg><\/span>\n\t\t\t\t\t\t\t\t<span class=\"elementor-toggle-icon-opened\"><svg class=\"elementor-toggle-icon-opened e-font-icon-svg e-fas-caret-up\" viewBox=\"0 0 320 512\" xmlns=\"http:\/\/www.w3.org\/2000\/svg\"><path d=\"M288.662 352H31.338c-17.818 0-26.741-21.543-14.142-34.142l128.662-128.662c7.81-7.81 20.474-7.81 28.284 0l128.662 128.662c12.6 12.599 3.676 34.142-14.142 34.142z\"><\/path><\/svg><\/span>\n\t\t\t\t\t\t\t\t\t\t\t\t\t<\/span>\n\t\t\t\t\t\t\t\t\t\t\t\t<a class=\"elementor-toggle-title\" tabindex=\"0\">Aroma<\/a>\n\t\t\t\t\t<\/div>\n\n\t\t\t\t\t<div id=\"elementor-tab-content-2472\" class=\"elementor-tab-content elementor-clearfix\" data-tab=\"2\" role=\"region\" aria-labelledby=\"elementor-tab-title-2472\"><p>La nariz se centra en el Cot, gran frescura que recuerda a peque\u00f1as frutas rojas y una nota de violeta espec\u00edfica de Los Chacayes.<\/p><\/div>\n\t\t\t\t<\/div>\n\t\t\t\t\t\t\t<div class=\"elementor-toggle-item\">\n\t\t\t\t\t<div id=\"elementor-tab-title-2473\" class=\"elementor-tab-title\" data-tab=\"3\" role=\"button\" aria-controls=\"elementor-tab-content-2473\" aria-expanded=\"false\">\n\t\t\t\t\t\t\t\t\t\t\t\t<span class=\"elementor-toggle-icon elementor-toggle-icon-left\" aria-hidden=\"true\">\n\t\t\t\t\t\t\t\t\t\t\t\t\t\t\t<span class=\"elementor-toggle-icon-closed\"><svg class=\"e-font-icon-svg e-fas-caret-right\" viewBox=\"0 0 192 512\" xmlns=\"http:\/\/www.w3.org\/2000\/svg\"><path d=\"M0 384.662V127.338c0-17.818 21.543-26.741 34.142-14.142l128.662 128.662c7.81 7.81 7.81 20.474 0 28.284L34.142 398.804C21.543 411.404 0 402.48 0 384.662z\"><\/path><\/svg><\/span>\n\t\t\t\t\t\t\t\t<span class=\"elementor-toggle-icon-opened\"><svg class=\"elementor-toggle-icon-opened e-font-icon-svg e-fas-caret-up\" viewBox=\"0 0 320 512\" xmlns=\"http:\/\/www.w3.org\/2000\/svg\"><path d=\"M288.662 352H31.338c-17.818 0-26.741-21.543-14.142-34.142l128.662-128.662c7.81-7.81 20.474-7.81 28.284 0l128.662 128.662c12.6 12.599 3.676 34.142-14.142 34.142z\"><\/path><\/svg><\/span>\n\t\t\t\t\t\t\t\t\t\t\t\t\t<\/span>\n\t\t\t\t\t\t\t\t\t\t\t\t<a class=\"elementor-toggle-title\" tabindex=\"0\">Sabor<\/a>\n\t\t\t\t\t<\/div>\n\n\t\t\t\t\t<div id=\"elementor-tab-content-2473\" class=\"elementor-tab-content elementor-clearfix\" data-tab=\"3\" role=\"region\" aria-labelledby=\"elementor-tab-title-2473\"><p>La suavidad de sus taninos inspira suavidad y concentraci\u00f3n al mismo tiempo.<\/p><\/div>\n\t\t\t\t<\/div>\n\t\t\t\t\t\t\t\t<\/div>\n\t\t\t\t\t\t<\/div>\n\t\t\t\t<\/div>\n\t\t\t\t<div class=\"elementor-element elementor-element-c92a890 elementor-align-center elementor-widget elementor-widget-button\" data-id=\"c92a890\" data-element_type=\"widget\" data-widget_type=\"button.default\">\n\t\t\t\t<div class=\"elementor-widget-container\">\n\t\t\t\t\t\t\t\t\t<div class=\"elementor-button-wrapper\">\n\t\t\t\t\t<a class=\"elementor-button elementor-button-link elementor-size-sm\" href=\"https:\/\/drwine.com.mx\/producto\/lespirit-chacayes-francois-lurton-ig-los-chacayes-organico-sin-sulfito\/\">\n\t\t\t\t\t\t<span class=\"elementor-button-content-wrapper\">\n\t\t\t\t\t\t\t\t\t<span class=\"elementor-button-text\">Comprar L\u2019ESPIRIT CHACAYES<\/span>\n\t\t\t\t\t<\/span>\n\t\t\t\t\t<\/a>\n\t\t\t\t<\/div>\n\t\t\t\t\t\t\t\t<\/div>\n\t\t\t\t<\/div>\n\t\t\t\t<div class=\"elementor-element elementor-element-68c9fcb elementor-grid-3 elementor-grid-tablet-2 elementor-grid-mobile-1 elementor-posts--thumbnail-top elementor-card-shadow-yes elementor-posts__hover-gradient elementor-widget elementor-widget-posts\" data-id=\"68c9fcb\" data-element_type=\"widget\" data-settings=\"{&quot;cards_masonry&quot;:&quot;yes&quot;,&quot;cards_columns&quot;:&quot;3&quot;,&quot;cards_columns_tablet&quot;:&quot;2&quot;,&quot;cards_columns_mobile&quot;:&quot;1&quot;,&quot;cards_row_gap&quot;:{&quot;unit&quot;:&quot;px&quot;,&quot;size&quot;:35,&quot;sizes&quot;:[]},&quot;cards_row_gap_tablet&quot;:{&quot;unit&quot;:&quot;px&quot;,&quot;size&quot;:&quot;&quot;,&quot;sizes&quot;:[]},&quot;cards_row_gap_mobile&quot;:{&quot;unit&quot;:&quot;px&quot;,&quot;size&quot;:&quot;&quot;,&quot;sizes&quot;:[]}}\" data-widget_type=\"posts.cards\">\n\t\t\t\t<div class=\"elementor-widget-container\">\n\t\t\t\t\t\t\t<div class=\"elementor-posts-container elementor-posts elementor-posts--skin-cards elementor-grid\" role=\"list\">\n\t\t\t\t<article class=\"elementor-post elementor-grid-item post-10783 post type-post status-publish format-standard has-post-thumbnail hentry category-uncategorized\" role=\"listitem\">\n\t\t\t<div class=\"elementor-post__card\">\n\t\t\t\t<a class=\"elementor-post__thumbnail__link\" href=\"https:\/\/drwine.com.mx\/en\/4_razones_para_incluir_el_vino_tinto_a_tu_alimentacion\/\" tabindex=\"-1\" target=\"_blank\"><div class=\"elementor-post__thumbnail\"><img loading=\"lazy\" decoding=\"async\" width=\"300\" height=\"200\" src=\"https:\/\/drwine.com.mx\/wp-content\/uploads\/2025\/06\/4-Razones-para-tomar-vinos-300x200.jpg\" class=\"attachment-medium size-medium wp-image-10809\" alt=\"4 razones para tomar vinos\" srcset=\"https:\/\/drwine.com.mx\/wp-content\/uploads\/2025\/06\/4-Razones-para-tomar-vinos-300x200.jpg 300w, https:\/\/drwine.com.mx\/wp-content\/uploads\/2025\/06\/4-Razones-para-tomar-vinos-1024x682.jpg 1024w, https:\/\/drwine.com.mx\/wp-content\/uploads\/2025\/06\/4-Razones-para-tomar-vinos-768x512.jpg 768w, https:\/\/drwine.com.mx\/wp-content\/uploads\/2025\/06\/4-Razones-para-tomar-vinos-600x400.jpg 600w, https:\/\/drwine.com.mx\/wp-content\/uploads\/2025\/06\/4-Razones-para-tomar-vinos.jpg 1280w\" sizes=\"(max-width: 300px) 100vw, 300px\" \/><\/div><\/a>\n\t\t\t\t<div class=\"elementor-post__text\">\n\t\t\t\t<h3 class=\"elementor-post__title\">\n\t\t\t<a href=\"https:\/\/drwine.com.mx\/en\/4_razones_para_incluir_el_vino_tinto_a_tu_alimentacion\/\" target=&quot;_blank&quot;>\n\t\t\t\t4 RAZONES PARA INCLUIR EL VINO TINTO A TU ALIMENTACI\u00d3N\u200b\t\t\t<\/a>\n\t\t<\/h3>\n\t\t\n\t\t<a class=\"elementor-post__read-more\" href=\"https:\/\/drwine.com.mx\/en\/4_razones_para_incluir_el_vino_tinto_a_tu_alimentacion\/\" aria-label=\"Read more about 4 RAZONES PARA INCLUIR EL VINO TINTO A TU ALIMENTACI\u00d3N\u200b\" tabindex=\"-1\" target=\"_blank\">\n\t\t\tLeer M\u00e1s\u00bb\t\t<\/a>\n\n\t\t\t\t<\/div>\n\t\t\t\t<div class=\"elementor-post__meta-data\">\n\t\t\t\t\t<span class=\"elementor-post-date\">\n\t\t\tJune 16, 2025\t\t<\/span>\n\t\t\t\t<\/div>\n\t\t\t\t\t<\/div>\n\t\t<\/article>\n\t\t\t\t<article class=\"elementor-post elementor-grid-item post-10682 post type-post status-publish format-standard has-post-thumbnail hentry category-uncategorized\" role=\"listitem\">\n\t\t\t<div class=\"elementor-post__card\">\n\t\t\t\t<a class=\"elementor-post__thumbnail__link\" href=\"https:\/\/drwine.com.mx\/en\/la-historia-del-vino-en-mexico\/\" tabindex=\"-1\" target=\"_blank\"><div class=\"elementor-post__thumbnail\"><img loading=\"lazy\" decoding=\"async\" width=\"300\" height=\"200\" src=\"https:\/\/drwine.com.mx\/wp-content\/uploads\/2025\/05\/vino-mexicano-principal-300x200.jpg\" class=\"attachment-medium size-medium wp-image-10689\" alt=\"\" srcset=\"https:\/\/drwine.com.mx\/wp-content\/uploads\/2025\/05\/vino-mexicano-principal-300x200.jpg 300w, https:\/\/drwine.com.mx\/wp-content\/uploads\/2025\/05\/vino-mexicano-principal-1024x682.jpg 1024w, https:\/\/drwine.com.mx\/wp-content\/uploads\/2025\/05\/vino-mexicano-principal-768x512.jpg 768w, https:\/\/drwine.com.mx\/wp-content\/uploads\/2025\/05\/vino-mexicano-principal-600x400.jpg 600w, https:\/\/drwine.com.mx\/wp-content\/uploads\/2025\/05\/vino-mexicano-principal-90x60.jpg 90w, https:\/\/drwine.com.mx\/wp-content\/uploads\/2025\/05\/vino-mexicano-principal-135x90.jpg 135w, https:\/\/drwine.com.mx\/wp-content\/uploads\/2025\/05\/vino-mexicano-principal.jpg 1280w\" sizes=\"(max-width: 300px) 100vw, 300px\" \/><\/div><\/a>\n\t\t\t\t<div class=\"elementor-post__text\">\n\t\t\t\t<h3 class=\"elementor-post__title\">\n\t\t\t<a href=\"https:\/\/drwine.com.mx\/en\/la-historia-del-vino-en-mexico\/\" target=&quot;_blank&quot;>\n\t\t\t\tLa historia del vino en M\u00e9xico\t\t\t<\/a>\n\t\t<\/h3>\n\t\t\n\t\t<a class=\"elementor-post__read-more\" href=\"https:\/\/drwine.com.mx\/en\/la-historia-del-vino-en-mexico\/\" aria-label=\"Read more about La historia del vino en M\u00e9xico\" tabindex=\"-1\" target=\"_blank\">\n\t\t\tLeer M\u00e1s\u00bb\t\t<\/a>\n\n\t\t\t\t<\/div>\n\t\t\t\t<div class=\"elementor-post__meta-data\">\n\t\t\t\t\t<span class=\"elementor-post-date\">\n\t\t\tMay 29, 2025\t\t<\/span>\n\t\t\t\t<\/div>\n\t\t\t\t\t<\/div>\n\t\t<\/article>\n\t\t\t\t<article class=\"elementor-post elementor-grid-item post-10588 post type-post status-publish format-standard has-post-thumbnail hentry category-uncategorized\" role=\"listitem\">\n\t\t\t<div class=\"elementor-post__card\">\n\t\t\t\t<a class=\"elementor-post__thumbnail__link\" href=\"https:\/\/drwine.com.mx\/en\/5-conceptos-basicos-para-adentrarse-al-mundo-del-vino\/\" tabindex=\"-1\" target=\"_blank\"><div class=\"elementor-post__thumbnail\"><img loading=\"lazy\" decoding=\"async\" width=\"300\" height=\"139\" src=\"https:\/\/drwine.com.mx\/wp-content\/uploads\/2025\/05\/vista-superior-de-uvas-organinc-para-vino-300x139.jpg\" class=\"attachment-medium size-medium wp-image-10592\" alt=\"\" srcset=\"https:\/\/drwine.com.mx\/wp-content\/uploads\/2025\/05\/vista-superior-de-uvas-organinc-para-vino-300x139.jpg 300w, https:\/\/drwine.com.mx\/wp-content\/uploads\/2025\/05\/vista-superior-de-uvas-organinc-para-vino-1024x475.jpg 1024w, https:\/\/drwine.com.mx\/wp-content\/uploads\/2025\/05\/vista-superior-de-uvas-organinc-para-vino-768x356.jpg 768w, https:\/\/drwine.com.mx\/wp-content\/uploads\/2025\/05\/vista-superior-de-uvas-organinc-para-vino-1536x713.jpg 1536w, https:\/\/drwine.com.mx\/wp-content\/uploads\/2025\/05\/vista-superior-de-uvas-organinc-para-vino-2048x950.jpg 2048w, https:\/\/drwine.com.mx\/wp-content\/uploads\/2025\/05\/vista-superior-de-uvas-organinc-para-vino-1320x612.jpg 1320w, https:\/\/drwine.com.mx\/wp-content\/uploads\/2025\/05\/vista-superior-de-uvas-organinc-para-vino-600x278.jpg 600w, https:\/\/drwine.com.mx\/wp-content\/uploads\/2025\/05\/vista-superior-de-uvas-organinc-para-vino-129x60.jpg 129w, https:\/\/drwine.com.mx\/wp-content\/uploads\/2025\/05\/vista-superior-de-uvas-organinc-para-vino-194x90.jpg 194w\" sizes=\"(max-width: 300px) 100vw, 300px\" \/><\/div><\/a>\n\t\t\t\t<div class=\"elementor-post__text\">\n\t\t\t\t<h3 class=\"elementor-post__title\">\n\t\t\t<a href=\"https:\/\/drwine.com.mx\/en\/5-conceptos-basicos-para-adentrarse-al-mundo-del-vino\/\" target=&quot;_blank&quot;>\n\t\t\t\t5 CONCEPTOS B\u00c1SICOS PARA ADENTRARSE AL MUNDO DEL VINO\u200b\t\t\t<\/a>\n\t\t<\/h3>\n\t\t\n\t\t<a class=\"elementor-post__read-more\" href=\"https:\/\/drwine.com.mx\/en\/5-conceptos-basicos-para-adentrarse-al-mundo-del-vino\/\" aria-label=\"Read more about 5 CONCEPTOS B\u00c1SICOS PARA ADENTRARSE AL MUNDO DEL VINO\u200b\" tabindex=\"-1\" target=\"_blank\">\n\t\t\tLeer M\u00e1s\u00bb\t\t<\/a>\n\n\t\t\t\t<\/div>\n\t\t\t\t<div class=\"elementor-post__meta-data\">\n\t\t\t\t\t<span class=\"elementor-post-date\">\n\t\t\tMay 22, 2025\t\t<\/span>\n\t\t\t\t<\/div>\n\t\t\t\t\t<\/div>\n\t\t<\/article>\n\t\t\t\t<\/div>\n\t\t\n\t\t\t\t\t\t<\/div>\n\t\t\t\t<\/div>\n\t\t\t\t\t<\/div>\n\t\t<\/div>\n\t\t\t\t\t<\/div>\n\t\t<\/section>\n\t\t\t\t<\/div>\n\t\t","protected":false},"excerpt":{"rendered":"<p>Bodega Piedra Negra cuenta con m\u00e1s de 30 a\u00f1os de historia, en los que se ha podido posicionar como una de las bodegas de vino<\/p>","protected":false},"author":91,"featured_media":7837,"comment_status":"closed","ping_status":"closed","sticky":false,"template":"","format":"standard","meta":{"_jetpack_memberships_contains_paid_content":false,"footnotes":""},"categories":[1],"tags":[],"class_list":["post-7833","post","type-post","status-publish","format-standard","has-post-thumbnail","hentry","category-uncategorized"],"yoast_head":"<!-- This site is optimized with the Yoast SEO plugin v27.5 - https:\/\/yoast.com\/product\/yoast-seo-wordpress\/ -->\n<title>Bodega Piedra Negra: Historia y Tradici\u00f3n &#8226; Dr Wine<\/title>\n<meta name=\"description\" content=\"Bodega Piedra Negra con m\u00e1s de 30 a\u00f1os de historia, se ha podido posicionar como una de las bodegas de vino m\u00e1s representativas de Argentina.\" \/>\n<meta name=\"robots\" content=\"index, follow, max-snippet:-1, max-image-preview:large, max-video-preview:-1\" \/>\n<link rel=\"canonical\" href=\"https:\/\/drwine.com.mx\/en\/bodega-piedra-negra-historia-y-tradicion\/\" \/>\n<meta property=\"og:locale\" content=\"en_US\" \/>\n<meta property=\"og:type\" content=\"article\" \/>\n<meta property=\"og:title\" content=\"Bodega Piedra Negra: Historia y Tradici\u00f3n &#8226; Dr Wine\" \/>\n<meta property=\"og:description\" content=\"Bodega Piedra Negra con m\u00e1s de 30 a\u00f1os de historia, se ha podido posicionar como una de las bodegas de vino m\u00e1s representativas de Argentina.\" \/>\n<meta property=\"og:url\" content=\"https:\/\/drwine.com.mx\/en\/bodega-piedra-negra-historia-y-tradicion\/\" \/>\n<meta property=\"og:site_name\" content=\"Dr Wine\" \/>\n<meta property=\"article:publisher\" content=\"https:\/\/www.facebook.com\/Dr-Wine-110103141329292\" \/>\n<meta property=\"article:published_time\" content=\"2024-02-15T20:18:33+00:00\" \/>\n<meta property=\"article:modified_time\" content=\"2024-02-16T15:37:25+00:00\" \/>\n<meta property=\"og:image\" content=\"https:\/\/drwine.com.mx\/wp-content\/uploads\/2024\/02\/Bodega-Piedra-Negra-Historia-y-Tradicion.webp\" \/>\n\t<meta property=\"og:image:width\" content=\"1920\" \/>\n\t<meta property=\"og:image:height\" content=\"1080\" \/>\n\t<meta property=\"og:image:type\" content=\"image\/webp\" \/>\n<meta name=\"author\" content=\"Dr Vino\" \/>\n<meta name=\"twitter:card\" content=\"summary_large_image\" \/>\n<meta name=\"twitter:label1\" content=\"Written by\" \/>\n\t<meta name=\"twitter:data1\" content=\"Dr Vino\" \/>\n\t<meta name=\"twitter:label2\" content=\"Est. reading time\" \/>\n\t<meta name=\"twitter:data2\" content=\"5 minutes\" \/>\n<script type=\"application\/ld+json\" class=\"yoast-schema-graph\">{\"@context\":\"https:\\\/\\\/schema.org\",\"@graph\":[{\"@type\":\"Article\",\"@id\":\"https:\\\/\\\/drwine.com.mx\\\/bodega-piedra-negra-historia-y-tradicion\\\/#article\",\"isPartOf\":{\"@id\":\"https:\\\/\\\/drwine.com.mx\\\/bodega-piedra-negra-historia-y-tradicion\\\/\"},\"author\":{\"name\":\"Dr Vino\",\"@id\":\"https:\\\/\\\/drwine.com.mx\\\/#\\\/schema\\\/person\\\/d791536e33253a3928b6e30e3e686d7f\"},\"headline\":\"Bodega Piedra Negra: Historia y Tradici\u00f3n\",\"datePublished\":\"2024-02-15T20:18:33+00:00\",\"dateModified\":\"2024-02-16T15:37:25+00:00\",\"mainEntityOfPage\":{\"@id\":\"https:\\\/\\\/drwine.com.mx\\\/bodega-piedra-negra-historia-y-tradicion\\\/\"},\"wordCount\":669,\"publisher\":{\"@id\":\"https:\\\/\\\/drwine.com.mx\\\/#organization\"},\"image\":{\"@id\":\"https:\\\/\\\/drwine.com.mx\\\/bodega-piedra-negra-historia-y-tradicion\\\/#primaryimage\"},\"thumbnailUrl\":\"https:\\\/\\\/drwine.com.mx\\\/wp-content\\\/uploads\\\/2024\\\/02\\\/Bodega-Piedra-Negra-Historia-y-Tradicion.webp\",\"inLanguage\":\"en-US\"},{\"@type\":\"WebPage\",\"@id\":\"https:\\\/\\\/drwine.com.mx\\\/bodega-piedra-negra-historia-y-tradicion\\\/\",\"url\":\"https:\\\/\\\/drwine.com.mx\\\/bodega-piedra-negra-historia-y-tradicion\\\/\",\"name\":\"Bodega Piedra Negra: Historia y Tradici\u00f3n &#8226; Dr Wine\",\"isPartOf\":{\"@id\":\"https:\\\/\\\/drwine.com.mx\\\/#website\"},\"primaryImageOfPage\":{\"@id\":\"https:\\\/\\\/drwine.com.mx\\\/bodega-piedra-negra-historia-y-tradicion\\\/#primaryimage\"},\"image\":{\"@id\":\"https:\\\/\\\/drwine.com.mx\\\/bodega-piedra-negra-historia-y-tradicion\\\/#primaryimage\"},\"thumbnailUrl\":\"https:\\\/\\\/drwine.com.mx\\\/wp-content\\\/uploads\\\/2024\\\/02\\\/Bodega-Piedra-Negra-Historia-y-Tradicion.webp\",\"datePublished\":\"2024-02-15T20:18:33+00:00\",\"dateModified\":\"2024-02-16T15:37:25+00:00\",\"description\":\"Bodega Piedra Negra con m\u00e1s de 30 a\u00f1os de historia, se ha podido posicionar como una de las bodegas de vino m\u00e1s representativas de Argentina.\",\"breadcrumb\":{\"@id\":\"https:\\\/\\\/drwine.com.mx\\\/bodega-piedra-negra-historia-y-tradicion\\\/#breadcrumb\"},\"inLanguage\":\"en-US\",\"potentialAction\":[{\"@type\":\"ReadAction\",\"target\":[\"https:\\\/\\\/drwine.com.mx\\\/bodega-piedra-negra-historia-y-tradicion\\\/\"]}]},{\"@type\":\"ImageObject\",\"inLanguage\":\"en-US\",\"@id\":\"https:\\\/\\\/drwine.com.mx\\\/bodega-piedra-negra-historia-y-tradicion\\\/#primaryimage\",\"url\":\"https:\\\/\\\/drwine.com.mx\\\/wp-content\\\/uploads\\\/2024\\\/02\\\/Bodega-Piedra-Negra-Historia-y-Tradicion.webp\",\"contentUrl\":\"https:\\\/\\\/drwine.com.mx\\\/wp-content\\\/uploads\\\/2024\\\/02\\\/Bodega-Piedra-Negra-Historia-y-Tradicion.webp\",\"width\":1920,\"height\":1080,\"caption\":\"Bodega Piedra Negra Historia y Tradici\u00f3n\"},{\"@type\":\"BreadcrumbList\",\"@id\":\"https:\\\/\\\/drwine.com.mx\\\/bodega-piedra-negra-historia-y-tradicion\\\/#breadcrumb\",\"itemListElement\":[{\"@type\":\"ListItem\",\"position\":1,\"name\":\"Vinos\",\"item\":\"https:\\\/\\\/drwine.com.mx\\\/\"},{\"@type\":\"ListItem\",\"position\":2,\"name\":\"Bodega Piedra Negra: Historia y Tradici\u00f3n\"}]},{\"@type\":\"WebSite\",\"@id\":\"https:\\\/\\\/drwine.com.mx\\\/#website\",\"url\":\"https:\\\/\\\/drwine.com.mx\\\/\",\"name\":\"Dr Wine\",\"description\":\"Tienda de Vinos en Playa del Carmen y Cancun\",\"publisher\":{\"@id\":\"https:\\\/\\\/drwine.com.mx\\\/#organization\"},\"alternateName\":\"Vinos de Playa del Carmen\",\"potentialAction\":[{\"@type\":\"SearchAction\",\"target\":{\"@type\":\"EntryPoint\",\"urlTemplate\":\"https:\\\/\\\/drwine.com.mx\\\/?s={search_term_string}\"},\"query-input\":{\"@type\":\"PropertyValueSpecification\",\"valueRequired\":true,\"valueName\":\"search_term_string\"}}],\"inLanguage\":\"en-US\"},{\"@type\":\"Organization\",\"@id\":\"https:\\\/\\\/drwine.com.mx\\\/#organization\",\"name\":\"Dr Wine\",\"alternateName\":\"Drwine\",\"url\":\"https:\\\/\\\/drwine.com.mx\\\/\",\"logo\":{\"@type\":\"ImageObject\",\"inLanguage\":\"en-US\",\"@id\":\"https:\\\/\\\/drwine.com.mx\\\/#\\\/schema\\\/logo\\\/image\\\/\",\"url\":\"https:\\\/\\\/drwine.com.mx\\\/wp-content\\\/uploads\\\/2021\\\/04\\\/Logo-03.png\",\"contentUrl\":\"https:\\\/\\\/drwine.com.mx\\\/wp-content\\\/uploads\\\/2021\\\/04\\\/Logo-03.png\",\"width\":1028,\"height\":675,\"caption\":\"Dr Wine\"},\"image\":{\"@id\":\"https:\\\/\\\/drwine.com.mx\\\/#\\\/schema\\\/logo\\\/image\\\/\"},\"sameAs\":[\"https:\\\/\\\/www.facebook.com\\\/Dr-Wine-110103141329292\"]},{\"@type\":\"Person\",\"@id\":\"https:\\\/\\\/drwine.com.mx\\\/#\\\/schema\\\/person\\\/d791536e33253a3928b6e30e3e686d7f\",\"name\":\"Dr Vino\",\"url\":\"https:\\\/\\\/drwine.com.mx\\\/en\\\/author\\\/drvino\\\/\"}]}<\/script>\n<!-- \/ Yoast SEO plugin. -->","yoast_head_json":{"title":"Bodega Piedra Negra: Historia y Tradici\u00f3n &#8226; Dr Wine","description":"Bodega Piedra Negra con m\u00e1s de 30 a\u00f1os de historia, se ha podido posicionar como una de las bodegas de vino m\u00e1s representativas de Argentina.","robots":{"index":"index","follow":"follow","max-snippet":"max-snippet:-1","max-image-preview":"max-image-preview:large","max-video-preview":"max-video-preview:-1"},"canonical":"https:\/\/drwine.com.mx\/en\/bodega-piedra-negra-historia-y-tradicion\/","og_locale":"en_US","og_type":"article","og_title":"Bodega Piedra Negra: Historia y Tradici\u00f3n &#8226; Dr Wine","og_description":"Bodega Piedra Negra con m\u00e1s de 30 a\u00f1os de historia, se ha podido posicionar como una de las bodegas de vino m\u00e1s representativas de Argentina.","og_url":"https:\/\/drwine.com.mx\/en\/bodega-piedra-negra-historia-y-tradicion\/","og_site_name":"Dr Wine","article_publisher":"https:\/\/www.facebook.com\/Dr-Wine-110103141329292","article_published_time":"2024-02-15T20:18:33+00:00","article_modified_time":"2024-02-16T15:37:25+00:00","og_image":[{"width":1920,"height":1080,"url":"https:\/\/drwine.com.mx\/wp-content\/uploads\/2024\/02\/Bodega-Piedra-Negra-Historia-y-Tradicion.webp","type":"image\/webp"}],"author":"Dr Vino","twitter_card":"summary_large_image","twitter_misc":{"Written by":"Dr Vino","Est. reading time":"5 minutes"},"schema":{"@context":"https:\/\/schema.org","@graph":[{"@type":"Article","@id":"https:\/\/drwine.com.mx\/bodega-piedra-negra-historia-y-tradicion\/#article","isPartOf":{"@id":"https:\/\/drwine.com.mx\/bodega-piedra-negra-historia-y-tradicion\/"},"author":{"name":"Dr Vino","@id":"https:\/\/drwine.com.mx\/#\/schema\/person\/d791536e33253a3928b6e30e3e686d7f"},"headline":"Bodega Piedra Negra: Historia y Tradici\u00f3n","datePublished":"2024-02-15T20:18:33+00:00","dateModified":"2024-02-16T15:37:25+00:00","mainEntityOfPage":{"@id":"https:\/\/drwine.com.mx\/bodega-piedra-negra-historia-y-tradicion\/"},"wordCount":669,"publisher":{"@id":"https:\/\/drwine.com.mx\/#organization"},"image":{"@id":"https:\/\/drwine.com.mx\/bodega-piedra-negra-historia-y-tradicion\/#primaryimage"},"thumbnailUrl":"https:\/\/drwine.com.mx\/wp-content\/uploads\/2024\/02\/Bodega-Piedra-Negra-Historia-y-Tradicion.webp","inLanguage":"en-US"},{"@type":"WebPage","@id":"https:\/\/drwine.com.mx\/bodega-piedra-negra-historia-y-tradicion\/","url":"https:\/\/drwine.com.mx\/bodega-piedra-negra-historia-y-tradicion\/","name":"Bodega Piedra Negra: Historia y Tradici\u00f3n &#8226; Dr Wine","isPartOf":{"@id":"https:\/\/drwine.com.mx\/#website"},"primaryImageOfPage":{"@id":"https:\/\/drwine.com.mx\/bodega-piedra-negra-historia-y-tradicion\/#primaryimage"},"image":{"@id":"https:\/\/drwine.com.mx\/bodega-piedra-negra-historia-y-tradicion\/#primaryimage"},"thumbnailUrl":"https:\/\/drwine.com.mx\/wp-content\/uploads\/2024\/02\/Bodega-Piedra-Negra-Historia-y-Tradicion.webp","datePublished":"2024-02-15T20:18:33+00:00","dateModified":"2024-02-16T15:37:25+00:00","description":"Bodega Piedra Negra con m\u00e1s de 30 a\u00f1os de historia, se ha podido posicionar como una de las bodegas de vino m\u00e1s representativas de Argentina.","breadcrumb":{"@id":"https:\/\/drwine.com.mx\/bodega-piedra-negra-historia-y-tradicion\/#breadcrumb"},"inLanguage":"en-US","potentialAction":[{"@type":"ReadAction","target":["https:\/\/drwine.com.mx\/bodega-piedra-negra-historia-y-tradicion\/"]}]},{"@type":"ImageObject","inLanguage":"en-US","@id":"https:\/\/drwine.com.mx\/bodega-piedra-negra-historia-y-tradicion\/#primaryimage","url":"https:\/\/drwine.com.mx\/wp-content\/uploads\/2024\/02\/Bodega-Piedra-Negra-Historia-y-Tradicion.webp","contentUrl":"https:\/\/drwine.com.mx\/wp-content\/uploads\/2024\/02\/Bodega-Piedra-Negra-Historia-y-Tradicion.webp","width":1920,"height":1080,"caption":"Bodega Piedra Negra Historia y Tradici\u00f3n"},{"@type":"BreadcrumbList","@id":"https:\/\/drwine.com.mx\/bodega-piedra-negra-historia-y-tradicion\/#breadcrumb","itemListElement":[{"@type":"ListItem","position":1,"name":"Vinos","item":"https:\/\/drwine.com.mx\/"},{"@type":"ListItem","position":2,"name":"Bodega Piedra Negra: Historia y Tradici\u00f3n"}]},{"@type":"WebSite","@id":"https:\/\/drwine.com.mx\/#website","url":"https:\/\/drwine.com.mx\/","name":"Dr Wine","description":"Tienda de Vinos en Playa del Carmen y Cancun","publisher":{"@id":"https:\/\/drwine.com.mx\/#organization"},"alternateName":"Vinos de Playa del Carmen","potentialAction":[{"@type":"SearchAction","target":{"@type":"EntryPoint","urlTemplate":"https:\/\/drwine.com.mx\/?s={search_term_string}"},"query-input":{"@type":"PropertyValueSpecification","valueRequired":true,"valueName":"search_term_string"}}],"inLanguage":"en-US"},{"@type":"Organization","@id":"https:\/\/drwine.com.mx\/#organization","name":"Dr Wine","alternateName":"Drwine","url":"https:\/\/drwine.com.mx\/","logo":{"@type":"ImageObject","inLanguage":"en-US","@id":"https:\/\/drwine.com.mx\/#\/schema\/logo\/image\/","url":"https:\/\/drwine.com.mx\/wp-content\/uploads\/2021\/04\/Logo-03.png","contentUrl":"https:\/\/drwine.com.mx\/wp-content\/uploads\/2021\/04\/Logo-03.png","width":1028,"height":675,"caption":"Dr Wine"},"image":{"@id":"https:\/\/drwine.com.mx\/#\/schema\/logo\/image\/"},"sameAs":["https:\/\/www.facebook.com\/Dr-Wine-110103141329292"]},{"@type":"Person","@id":"https:\/\/drwine.com.mx\/#\/schema\/person\/d791536e33253a3928b6e30e3e686d7f","name":"Dr Vino","url":"https:\/\/drwine.com.mx\/en\/author\/drvino\/"}]}},"jetpack_featured_media_url":"https:\/\/drwine.com.mx\/wp-content\/uploads\/2024\/02\/Bodega-Piedra-Negra-Historia-y-Tradicion.webp","jetpack_sharing_enabled":true,"_links":{"self":[{"href":"https:\/\/drwine.com.mx\/en\/wp-json\/wp\/v2\/posts\/7833","targetHints":{"allow":["GET"]}}],"collection":[{"href":"https:\/\/drwine.com.mx\/en\/wp-json\/wp\/v2\/posts"}],"about":[{"href":"https:\/\/drwine.com.mx\/en\/wp-json\/wp\/v2\/types\/post"}],"author":[{"embeddable":true,"href":"https:\/\/drwine.com.mx\/en\/wp-json\/wp\/v2\/users\/91"}],"replies":[{"embeddable":true,"href":"https:\/\/drwine.com.mx\/en\/wp-json\/wp\/v2\/comments?post=7833"}],"version-history":[{"count":1,"href":"https:\/\/drwine.com.mx\/en\/wp-json\/wp\/v2\/posts\/7833\/revisions"}],"predecessor-version":[{"id":10547,"href":"https:\/\/drwine.com.mx\/en\/wp-json\/wp\/v2\/posts\/7833\/revisions\/10547"}],"wp:featuredmedia":[{"embeddable":true,"href":"https:\/\/drwine.com.mx\/en\/wp-json\/wp\/v2\/media\/7837"}],"wp:attachment":[{"href":"https:\/\/drwine.com.mx\/en\/wp-json\/wp\/v2\/media?parent=7833"}],"wp:term":[{"taxonomy":"category","embeddable":true,"href":"https:\/\/drwine.com.mx\/en\/wp-json\/wp\/v2\/categories?post=7833"},{"taxonomy":"post_tag","embeddable":true,"href":"https:\/\/drwine.com.mx\/en\/wp-json\/wp\/v2\/tags?post=7833"}],"curies":[{"name":"wp","href":"https:\/\/api.w.org\/{rel}","templated":true}]}}